{"id":946,"date":"2023-12-12T08:00:00","date_gmt":"2023-12-12T08:00:00","guid":{"rendered":"https:\/\/www.lubmaster.com.br\/site\/?p=946"},"modified":"2025-11-12T17:59:45","modified_gmt":"2025-11-12T17:59:45","slug":"lubmaster-participa-do-programa-mundo-empresarial-2","status":"publish","type":"post","link":"https:\/\/www.lubmaster.com.br\/site\/lubmaster-participa-do-programa-mundo-empresarial-2\/","title":{"rendered":"Lubmaster participa do Programa \u201cMundo Empresarial\u201d"},"content":{"rendered":"\n<p><em>Em participa\u00e7\u00e3o no programa transmitido nacionalmente pela Rede TV! e regionalmente pela Vtv Sbt, a companhia contou detalhes dos seus 36 anos de atua\u00e7\u00e3o no mercado<\/em><\/p>\n\n\n\n<p>A Lubmaster, especialista em produtos lubrificantes para ind\u00fastrias com 36 anos de atua\u00e7\u00e3o no mercado, participou do Programa \u201cMundo Empresarial\u201d \u2013 transmitido nacionalmente pela Rede TV! e regionalmente pela Vtv Sbt, al\u00e9m de estar dispon\u00edvel no canal no YouTube.<\/p>\n\n\n\n<p>Durante sua participa\u00e7\u00e3o no programa, executivos da Lubmaster contaram detalhes da hist\u00f3ria desde a funda\u00e7\u00e3o da empresa, em 1987, at\u00e9 os dias de hoje. \u201cEu queria realmente ter o meu neg\u00f3cio, para que eu pudesse fazer aquilo que eu gostava de fazer. Conseguimos com a ajuda de muitas pessoas, muitos amigos, desenvolver alguns produtos e colocar esses produtos no mercado. E assim foi o nosso in\u00edcio\u201d, revelou Odair Lopes, CEO da Lubmaster.<\/p>\n\n\n\n<figure class=\"wp-block-image aligncenter\" id=\"attachment_76545\"><img decoding=\"async\" src=\"https:\/\/tissueonline.com.br\/novo\/wp-content\/uploads\/2023\/12\/Lubmaster-225x300.png\" alt=\"\" class=\"wp-image-76545\"\/><figcaption class=\"wp-element-caption\"><sub>Foto: Divulga\u00e7\u00e3o \/ Lubmaster<\/sub><\/figcaption><\/figure>\n\n\n\n<p>Al\u00e9m disso, tamb\u00e9m apontaram caracter\u00edsticas que consideram como diferenciais para o sucesso da companhia ao longo dos anos de atua\u00e7\u00e3o, incluindo investimentos em tecnologia, qualifica\u00e7\u00e3o e pessoas. \u201cTemos no DNA da empresa, desde o princ\u00edpio, a forma\u00e7\u00e3o das pessoas que est\u00e3o com a gente. Aquelas que se destacam, claro, mas aquelas que a gente v\u00ea um potencial tamb\u00e9m de desenvolvimento. Temos um pessoal muito competente, mas sempre atualizado\u201d, disse o diretor comercial Amilcar Amato.<\/p>\n\n\n\n<figure class=\"wp-block-image aligncenter\" id=\"attachment_76548\"><img decoding=\"async\" src=\"https:\/\/tissueonline.com.br\/novo\/wp-content\/uploads\/2023\/12\/flub-225x300.png\" alt=\"\" class=\"wp-image-76548\"\/><figcaption class=\"wp-element-caption\"><sub>Foto: Divulga\u00e7\u00e3o \/ Lubmaster<\/sub><\/figcaption><\/figure>\n\n\n\n<p>Em 2023, a Lubmaster ampliou sua atua\u00e7\u00e3o com uma nova linha de produ\u00e7\u00e3o totalmente verde e isenta de componentes t\u00f3xicos, alinhada ao seu compromisso com o meio ambiente, com os clientes e com a sociedade. A companhia est\u00e1 instalada em uma \u00e1rea de 8000 m\u00b2 e possui capacidade para produzir at\u00e9 300 mil litros de lubrificantes por m\u00eas.<\/p>\n\n\n\n<p>Com a expans\u00e3o, a empresa alcan\u00e7ou novos mercados, iniciando a exporta\u00e7\u00e3o de suas solu\u00e7\u00f5es para a Am\u00e9rica Latina, em pa\u00edses como Argentina e Col\u00f4mbia.<\/p>\n\n\n\n<p>Confira abaixo a participa\u00e7\u00e3o da Lubmaster no \u201cMundo Empresarial\u201d. O programa tamb\u00e9m ser\u00e1 transmitido para todo o Brasil no dia 24 de dezembro, \u00e0s 8h30, pela Rede TV!<\/p>\n\n\n\n<figure class=\"wp-block-embed aligncenter is-type-video is-provider-youtube wp-block-embed-youtube wp-embed-aspect-16-9 wp-has-aspect-ratio\"><div class=\"wp-block-embed__wrapper\">\n<iframe title=\"LUBMASTER LUBRIFICANTES - ITAQUAQUECETUBA\/SP - MUNDO EMPRESARIAL\" width=\"800\" height=\"450\" src=\"https:\/\/www.youtube.com\/embed\/cUJwiAnx4CY?feature=oembed\" frameborder=\"0\" allow=\"accelerometer; autoplay; clipboard-write; encrypted-media; gyroscope; picture-in-picture; web-share\" referrerpolicy=\"strict-origin-when-cross-origin\" allowfullscreen><\/iframe>\n<\/div><\/figure>\n","protected":false},"excerpt":{"rendered":"<p>Em participa\u00e7\u00e3o no programa transmitido nacionalmente pela Rede TV! e regionalmente pela Vtv Sbt, a companhia contou detalhes dos seus 36 anos de atua\u00e7\u00e3o no mercado A Lubmaster, especialista em produtos lubrificantes para ind\u00fastrias com 36 anos de atua\u00e7\u00e3o no mercado, participou do Programa \u201cMundo Empresarial\u201d \u2013 transmitido nacionalmente pela Rede TV! e regionalmente pela [&hellip;]<\/p>\n","protected":false},"author":4,"featured_media":945,"comment_status":"open","ping_status":"open","sticky":false,"template":"","format":"standard","meta":{"footnotes":""},"categories":[48],"tags":[],"class_list":["post-946","post","type-post","status-publish","format-standard","has-post-thumbnail","hentry","category-noticias"],"yoast_head":"<!-- This site is optimized with the Yoast SEO plugin v26.6 - https:\/\/yoast.com\/wordpress\/plugins\/seo\/ -->\n<title>Lubmaster participa do Programa \u201cMundo Empresarial\u201d - Lubmaster<\/title>\n<meta name=\"description\" content=\"Em participa\u00e7\u00e3o no programa transmitido nacionalmente pela Rede TV! e regionalmente pela Vtv Sbt, a companhia contou detalhes dos seus 36 anos de atua\u00e7\u00e3o\" \/>\n<meta name=\"robots\" content=\"index, follow, max-snippet:-1, max-image-preview:large, max-video-preview:-1\" \/>\n<link rel=\"canonical\" href=\"https:\/\/www.lubmaster.com.br\/site\/lubmaster-participa-do-programa-mundo-empresarial-2\/\" \/>\n<meta property=\"og:locale\" content=\"pt_BR\" \/>\n<meta property=\"og:type\" content=\"article\" \/>\n<meta property=\"og:title\" content=\"Lubmaster participa do Programa \u201cMundo Empresarial\u201d - Lubmaster\" \/>\n<meta property=\"og:description\" content=\"Em participa\u00e7\u00e3o no programa transmitido nacionalmente pela Rede TV! e regionalmente pela Vtv Sbt, a companhia contou detalhes dos seus 36 anos de atua\u00e7\u00e3o\" \/>\n<meta property=\"og:url\" content=\"https:\/\/www.lubmaster.com.br\/site\/lubmaster-participa-do-programa-mundo-empresarial-2\/\" \/>\n<meta property=\"og:site_name\" content=\"Lubmaster\" \/>\n<meta property=\"article:published_time\" content=\"2023-12-12T08:00:00+00:00\" \/>\n<meta property=\"article:modified_time\" content=\"2025-11-12T17:59:45+00:00\" \/>\n<meta property=\"og:image\" content=\"https:\/\/www.lubmaster.com.br\/site\/wp-content\/uploads\/2024\/05\/Lubmaster-participa-do-Programa-Mundo-Empresarial.jpg\" \/>\n\t<meta property=\"og:image:width\" content=\"1280\" \/>\n\t<meta property=\"og:image:height\" content=\"668\" \/>\n\t<meta property=\"og:image:type\" content=\"image\/jpeg\" \/>\n<meta name=\"author\" content=\"Lubmaster\" \/>\n<meta name=\"twitter:card\" content=\"summary_large_image\" \/>\n<meta name=\"twitter:label1\" content=\"Escrito por\" \/>\n\t<meta name=\"twitter:data1\" content=\"Lubmaster\" \/>\n\t<meta name=\"twitter:label2\" content=\"Est. tempo de leitura\" \/>\n\t<meta name=\"twitter:data2\" content=\"2 minutos\" \/>\n<script type=\"application\/ld+json\" class=\"yoast-schema-graph\">{\"@context\":\"https:\/\/schema.org\",\"@graph\":[{\"@type\":\"Article\",\"@id\":\"https:\/\/www.lubmaster.com.br\/site\/lubmaster-participa-do-programa-mundo-empresarial-2\/#article\",\"isPartOf\":{\"@id\":\"https:\/\/www.lubmaster.com.br\/site\/lubmaster-participa-do-programa-mundo-empresarial-2\/\"},\"author\":{\"name\":\"Lubmaster\",\"@id\":\"https:\/\/www.lubmaster.com.br\/site\/#\/schema\/person\/f1866b252d1a2e93001711b750bf148e\"},\"headline\":\"Lubmaster participa do Programa \u201cMundo Empresarial\u201d\",\"datePublished\":\"2023-12-12T08:00:00+00:00\",\"dateModified\":\"2025-11-12T17:59:45+00:00\",\"mainEntityOfPage\":{\"@id\":\"https:\/\/www.lubmaster.com.br\/site\/lubmaster-participa-do-programa-mundo-empresarial-2\/\"},\"wordCount\":365,\"commentCount\":0,\"publisher\":{\"@id\":\"https:\/\/www.lubmaster.com.br\/site\/#organization\"},\"image\":{\"@id\":\"https:\/\/www.lubmaster.com.br\/site\/lubmaster-participa-do-programa-mundo-empresarial-2\/#primaryimage\"},\"thumbnailUrl\":\"https:\/\/www.lubmaster.com.br\/site\/wp-content\/uploads\/2024\/05\/Lubmaster-participa-do-Programa-Mundo-Empresarial.jpg\",\"articleSection\":[\"Not\u00edcias\"],\"inLanguage\":\"pt-BR\",\"potentialAction\":[{\"@type\":\"CommentAction\",\"name\":\"Comment\",\"target\":[\"https:\/\/www.lubmaster.com.br\/site\/lubmaster-participa-do-programa-mundo-empresarial-2\/#respond\"]}]},{\"@type\":\"WebPage\",\"@id\":\"https:\/\/www.lubmaster.com.br\/site\/lubmaster-participa-do-programa-mundo-empresarial-2\/\",\"url\":\"https:\/\/www.lubmaster.com.br\/site\/lubmaster-participa-do-programa-mundo-empresarial-2\/\",\"name\":\"Lubmaster participa do Programa \u201cMundo Empresarial\u201d - Lubmaster\",\"isPartOf\":{\"@id\":\"https:\/\/www.lubmaster.com.br\/site\/#website\"},\"primaryImageOfPage\":{\"@id\":\"https:\/\/www.lubmaster.com.br\/site\/lubmaster-participa-do-programa-mundo-empresarial-2\/#primaryimage\"},\"image\":{\"@id\":\"https:\/\/www.lubmaster.com.br\/site\/lubmaster-participa-do-programa-mundo-empresarial-2\/#primaryimage\"},\"thumbnailUrl\":\"https:\/\/www.lubmaster.com.br\/site\/wp-content\/uploads\/2024\/05\/Lubmaster-participa-do-Programa-Mundo-Empresarial.jpg\",\"datePublished\":\"2023-12-12T08:00:00+00:00\",\"dateModified\":\"2025-11-12T17:59:45+00:00\",\"description\":\"Em participa\u00e7\u00e3o no programa transmitido nacionalmente pela Rede TV! e regionalmente pela Vtv Sbt, a companhia contou detalhes dos seus 36 anos de atua\u00e7\u00e3o\",\"breadcrumb\":{\"@id\":\"https:\/\/www.lubmaster.com.br\/site\/lubmaster-participa-do-programa-mundo-empresarial-2\/#breadcrumb\"},\"inLanguage\":\"pt-BR\",\"potentialAction\":[{\"@type\":\"ReadAction\",\"target\":[\"https:\/\/www.lubmaster.com.br\/site\/lubmaster-participa-do-programa-mundo-empresarial-2\/\"]}]},{\"@type\":\"ImageObject\",\"inLanguage\":\"pt-BR\",\"@id\":\"https:\/\/www.lubmaster.com.br\/site\/lubmaster-participa-do-programa-mundo-empresarial-2\/#primaryimage\",\"url\":\"https:\/\/www.lubmaster.com.br\/site\/wp-content\/uploads\/2024\/05\/Lubmaster-participa-do-Programa-Mundo-Empresarial.jpg\",\"contentUrl\":\"https:\/\/www.lubmaster.com.br\/site\/wp-content\/uploads\/2024\/05\/Lubmaster-participa-do-Programa-Mundo-Empresarial.jpg\",\"width\":1280,\"height\":668},{\"@type\":\"BreadcrumbList\",\"@id\":\"https:\/\/www.lubmaster.com.br\/site\/lubmaster-participa-do-programa-mundo-empresarial-2\/#breadcrumb\",\"itemListElement\":[{\"@type\":\"ListItem\",\"position\":1,\"name\":\"In\u00edcio\",\"item\":\"https:\/\/www.lubmaster.com.br\/site\/\"},{\"@type\":\"ListItem\",\"position\":2,\"name\":\"Lubmaster participa do Programa \u201cMundo Empresarial\u201d\"}]},{\"@type\":\"WebSite\",\"@id\":\"https:\/\/www.lubmaster.com.br\/site\/#website\",\"url\":\"https:\/\/www.lubmaster.com.br\/site\/\",\"name\":\"Lubmaster\",\"description\":\"\",\"publisher\":{\"@id\":\"https:\/\/www.lubmaster.com.br\/site\/#organization\"},\"alternateName\":\"Refer\u00eancia em lubrificantes industriais\",\"potentialAction\":[{\"@type\":\"SearchAction\",\"target\":{\"@type\":\"EntryPoint\",\"urlTemplate\":\"https:\/\/www.lubmaster.com.br\/site\/?s={search_term_string}\"},\"query-input\":{\"@type\":\"PropertyValueSpecification\",\"valueRequired\":true,\"valueName\":\"search_term_string\"}}],\"inLanguage\":\"pt-BR\"},{\"@type\":\"Organization\",\"@id\":\"https:\/\/www.lubmaster.com.br\/site\/#organization\",\"name\":\"Lubmaster\",\"alternateName\":\"Refer\u00eancia em lubrificantes industriais\",\"url\":\"https:\/\/www.lubmaster.com.br\/site\/\",\"logo\":{\"@type\":\"ImageObject\",\"inLanguage\":\"pt-BR\",\"@id\":\"https:\/\/www.lubmaster.com.br\/site\/#\/schema\/logo\/image\/\",\"url\":\"https:\/\/www.lubmaster.com.br\/site\/wp-content\/uploads\/2024\/05\/cropped-favicon.png\",\"contentUrl\":\"https:\/\/www.lubmaster.com.br\/site\/wp-content\/uploads\/2024\/05\/cropped-favicon.png\",\"width\":512,\"height\":512,\"caption\":\"Lubmaster\"},\"image\":{\"@id\":\"https:\/\/www.lubmaster.com.br\/site\/#\/schema\/logo\/image\/\"},\"sameAs\":[\"https:\/\/www.linkedin.com\/company\/lubmaster-produtos-especiais-ltda.\/posts\/?feedView=all\",\"https:\/\/www.instagram.com\/lubmaster.lubrificantes\/\"]},{\"@type\":\"Person\",\"@id\":\"https:\/\/www.lubmaster.com.br\/site\/#\/schema\/person\/f1866b252d1a2e93001711b750bf148e\",\"name\":\"Lubmaster\",\"image\":{\"@type\":\"ImageObject\",\"inLanguage\":\"pt-BR\",\"@id\":\"https:\/\/www.lubmaster.com.br\/site\/#\/schema\/person\/image\/\",\"url\":\"https:\/\/secure.gravatar.com\/avatar\/43d908e93aec84085316b463e48c57cd9a7ea19ade1e5eb89c65d8da88106463?s=96&d=mm&r=g\",\"contentUrl\":\"https:\/\/secure.gravatar.com\/avatar\/43d908e93aec84085316b463e48c57cd9a7ea19ade1e5eb89c65d8da88106463?s=96&d=mm&r=g\",\"caption\":\"Lubmaster\"},\"url\":\"https:\/\/www.lubmaster.com.br\/site\/author\/lubmaster\/\"}]}<\/script>\n<!-- \/ Yoast SEO plugin. -->","yoast_head_json":{"title":"Lubmaster participa do Programa \u201cMundo Empresarial\u201d - Lubmaster","description":"Em participa\u00e7\u00e3o no programa transmitido nacionalmente pela Rede TV! e regionalmente pela Vtv Sbt, a companhia contou detalhes dos seus 36 anos de atua\u00e7\u00e3o","robots":{"index":"index","follow":"follow","max-snippet":"max-snippet:-1","max-image-preview":"max-image-preview:large","max-video-preview":"max-video-preview:-1"},"canonical":"https:\/\/www.lubmaster.com.br\/site\/lubmaster-participa-do-programa-mundo-empresarial-2\/","og_locale":"pt_BR","og_type":"article","og_title":"Lubmaster participa do Programa \u201cMundo Empresarial\u201d - Lubmaster","og_description":"Em participa\u00e7\u00e3o no programa transmitido nacionalmente pela Rede TV! e regionalmente pela Vtv Sbt, a companhia contou detalhes dos seus 36 anos de atua\u00e7\u00e3o","og_url":"https:\/\/www.lubmaster.com.br\/site\/lubmaster-participa-do-programa-mundo-empresarial-2\/","og_site_name":"Lubmaster","article_published_time":"2023-12-12T08:00:00+00:00","article_modified_time":"2025-11-12T17:59:45+00:00","og_image":[{"width":1280,"height":668,"url":"https:\/\/www.lubmaster.com.br\/site\/wp-content\/uploads\/2024\/05\/Lubmaster-participa-do-Programa-Mundo-Empresarial.jpg","type":"image\/jpeg"}],"author":"Lubmaster","twitter_card":"summary_large_image","twitter_misc":{"Escrito por":"Lubmaster","Est. tempo de leitura":"2 minutos"},"schema":{"@context":"https:\/\/schema.org","@graph":[{"@type":"Article","@id":"https:\/\/www.lubmaster.com.br\/site\/lubmaster-participa-do-programa-mundo-empresarial-2\/#article","isPartOf":{"@id":"https:\/\/www.lubmaster.com.br\/site\/lubmaster-participa-do-programa-mundo-empresarial-2\/"},"author":{"name":"Lubmaster","@id":"https:\/\/www.lubmaster.com.br\/site\/#\/schema\/person\/f1866b252d1a2e93001711b750bf148e"},"headline":"Lubmaster participa do Programa \u201cMundo Empresarial\u201d","datePublished":"2023-12-12T08:00:00+00:00","dateModified":"2025-11-12T17:59:45+00:00","mainEntityOfPage":{"@id":"https:\/\/www.lubmaster.com.br\/site\/lubmaster-participa-do-programa-mundo-empresarial-2\/"},"wordCount":365,"commentCount":0,"publisher":{"@id":"https:\/\/www.lubmaster.com.br\/site\/#organization"},"image":{"@id":"https:\/\/www.lubmaster.com.br\/site\/lubmaster-participa-do-programa-mundo-empresarial-2\/#primaryimage"},"thumbnailUrl":"https:\/\/www.lubmaster.com.br\/site\/wp-content\/uploads\/2024\/05\/Lubmaster-participa-do-Programa-Mundo-Empresarial.jpg","articleSection":["Not\u00edcias"],"inLanguage":"pt-BR","potentialAction":[{"@type":"CommentAction","name":"Comment","target":["https:\/\/www.lubmaster.com.br\/site\/lubmaster-participa-do-programa-mundo-empresarial-2\/#respond"]}]},{"@type":"WebPage","@id":"https:\/\/www.lubmaster.com.br\/site\/lubmaster-participa-do-programa-mundo-empresarial-2\/","url":"https:\/\/www.lubmaster.com.br\/site\/lubmaster-participa-do-programa-mundo-empresarial-2\/","name":"Lubmaster participa do Programa \u201cMundo Empresarial\u201d - Lubmaster","isPartOf":{"@id":"https:\/\/www.lubmaster.com.br\/site\/#website"},"primaryImageOfPage":{"@id":"https:\/\/www.lubmaster.com.br\/site\/lubmaster-participa-do-programa-mundo-empresarial-2\/#primaryimage"},"image":{"@id":"https:\/\/www.lubmaster.com.br\/site\/lubmaster-participa-do-programa-mundo-empresarial-2\/#primaryimage"},"thumbnailUrl":"https:\/\/www.lubmaster.com.br\/site\/wp-content\/uploads\/2024\/05\/Lubmaster-participa-do-Programa-Mundo-Empresarial.jpg","datePublished":"2023-12-12T08:00:00+00:00","dateModified":"2025-11-12T17:59:45+00:00","description":"Em participa\u00e7\u00e3o no programa transmitido nacionalmente pela Rede TV! e regionalmente pela Vtv Sbt, a companhia contou detalhes dos seus 36 anos de atua\u00e7\u00e3o","breadcrumb":{"@id":"https:\/\/www.lubmaster.com.br\/site\/lubmaster-participa-do-programa-mundo-empresarial-2\/#breadcrumb"},"inLanguage":"pt-BR","potentialAction":[{"@type":"ReadAction","target":["https:\/\/www.lubmaster.com.br\/site\/lubmaster-participa-do-programa-mundo-empresarial-2\/"]}]},{"@type":"ImageObject","inLanguage":"pt-BR","@id":"https:\/\/www.lubmaster.com.br\/site\/lubmaster-participa-do-programa-mundo-empresarial-2\/#primaryimage","url":"https:\/\/www.lubmaster.com.br\/site\/wp-content\/uploads\/2024\/05\/Lubmaster-participa-do-Programa-Mundo-Empresarial.jpg","contentUrl":"https:\/\/www.lubmaster.com.br\/site\/wp-content\/uploads\/2024\/05\/Lubmaster-participa-do-Programa-Mundo-Empresarial.jpg","width":1280,"height":668},{"@type":"BreadcrumbList","@id":"https:\/\/www.lubmaster.com.br\/site\/lubmaster-participa-do-programa-mundo-empresarial-2\/#breadcrumb","itemListElement":[{"@type":"ListItem","position":1,"name":"In\u00edcio","item":"https:\/\/www.lubmaster.com.br\/site\/"},{"@type":"ListItem","position":2,"name":"Lubmaster participa do Programa \u201cMundo Empresarial\u201d"}]},{"@type":"WebSite","@id":"https:\/\/www.lubmaster.com.br\/site\/#website","url":"https:\/\/www.lubmaster.com.br\/site\/","name":"Lubmaster","description":"","publisher":{"@id":"https:\/\/www.lubmaster.com.br\/site\/#organization"},"alternateName":"Refer\u00eancia em lubrificantes industriais","potentialAction":[{"@type":"SearchAction","target":{"@type":"EntryPoint","urlTemplate":"https:\/\/www.lubmaster.com.br\/site\/?s={search_term_string}"},"query-input":{"@type":"PropertyValueSpecification","valueRequired":true,"valueName":"search_term_string"}}],"inLanguage":"pt-BR"},{"@type":"Organization","@id":"https:\/\/www.lubmaster.com.br\/site\/#organization","name":"Lubmaster","alternateName":"Refer\u00eancia em lubrificantes industriais","url":"https:\/\/www.lubmaster.com.br\/site\/","logo":{"@type":"ImageObject","inLanguage":"pt-BR","@id":"https:\/\/www.lubmaster.com.br\/site\/#\/schema\/logo\/image\/","url":"https:\/\/www.lubmaster.com.br\/site\/wp-content\/uploads\/2024\/05\/cropped-favicon.png","contentUrl":"https:\/\/www.lubmaster.com.br\/site\/wp-content\/uploads\/2024\/05\/cropped-favicon.png","width":512,"height":512,"caption":"Lubmaster"},"image":{"@id":"https:\/\/www.lubmaster.com.br\/site\/#\/schema\/logo\/image\/"},"sameAs":["https:\/\/www.linkedin.com\/company\/lubmaster-produtos-especiais-ltda.\/posts\/?feedView=all","https:\/\/www.instagram.com\/lubmaster.lubrificantes\/"]},{"@type":"Person","@id":"https:\/\/www.lubmaster.com.br\/site\/#\/schema\/person\/f1866b252d1a2e93001711b750bf148e","name":"Lubmaster","image":{"@type":"ImageObject","inLanguage":"pt-BR","@id":"https:\/\/www.lubmaster.com.br\/site\/#\/schema\/person\/image\/","url":"https:\/\/secure.gravatar.com\/avatar\/43d908e93aec84085316b463e48c57cd9a7ea19ade1e5eb89c65d8da88106463?s=96&d=mm&r=g","contentUrl":"https:\/\/secure.gravatar.com\/avatar\/43d908e93aec84085316b463e48c57cd9a7ea19ade1e5eb89c65d8da88106463?s=96&d=mm&r=g","caption":"Lubmaster"},"url":"https:\/\/www.lubmaster.com.br\/site\/author\/lubmaster\/"}]}},"_links":{"self":[{"href":"https:\/\/www.lubmaster.com.br\/site\/wp-json\/wp\/v2\/posts\/946","targetHints":{"allow":["GET"]}}],"collection":[{"href":"https:\/\/www.lubmaster.com.br\/site\/wp-json\/wp\/v2\/posts"}],"about":[{"href":"https:\/\/www.lubmaster.com.br\/site\/wp-json\/wp\/v2\/types\/post"}],"author":[{"embeddable":true,"href":"https:\/\/www.lubmaster.com.br\/site\/wp-json\/wp\/v2\/users\/4"}],"replies":[{"embeddable":true,"href":"https:\/\/www.lubmaster.com.br\/site\/wp-json\/wp\/v2\/comments?post=946"}],"version-history":[{"count":1,"href":"https:\/\/www.lubmaster.com.br\/site\/wp-json\/wp\/v2\/posts\/946\/revisions"}],"predecessor-version":[{"id":951,"href":"https:\/\/www.lubmaster.com.br\/site\/wp-json\/wp\/v2\/posts\/946\/revisions\/951"}],"wp:featuredmedia":[{"embeddable":true,"href":"https:\/\/www.lubmaster.com.br\/site\/wp-json\/wp\/v2\/media\/945"}],"wp:attachment":[{"href":"https:\/\/www.lubmaster.com.br\/site\/wp-json\/wp\/v2\/media?parent=946"}],"wp:term":[{"taxonomy":"category","embeddable":true,"href":"https:\/\/www.lubmaster.com.br\/site\/wp-json\/wp\/v2\/categories?post=946"},{"taxonomy":"post_tag","embeddable":true,"href":"https:\/\/www.lubmaster.com.br\/site\/wp-json\/wp\/v2\/tags?post=946"}],"curies":[{"name":"wp","href":"https:\/\/api.w.org\/{rel}","templated":true}]}}